{"id":5099,"date":"2026-03-18T14:20:04","date_gmt":"2026-03-18T13:20:04","guid":{"rendered":"https:\/\/dosgradoscapital.com\/dos-grados-premiado-no-renmad-armazenamento-2026\/"},"modified":"2026-04-29T15:32:33","modified_gmt":"2026-04-29T13:32:33","slug":"dos-grados-premiado-no-renmad-armazenamento-2026","status":"publish","type":"post","link":"https:\/\/dosgradoscapital.com\/pt-pt\/dos-grados-premiado-no-renmad-armazenamento-2026\/","title":{"rendered":"Dos Grados premiado no RENMAD Armazenamento 2026"},"content":{"rendered":"\n<p class=\"has-vivid-cyan-blue-color has-text-color has-link-color has-medium-font-size wp-elements-2d289ebf924598a1c1bd670fc3b1656d\">O pr\u00e9mio reconhece a sua contribui\u00e7\u00e3o para o desenvolvimento de solu\u00e7\u00f5es-chave para a transi\u00e7\u00e3o energ\u00e9tica na figura do seu CEO, Luis Palacios, como Personalidade do Ano em Armazenamento de Energia.<\/p>\n\n<p><\/p>\n\n<p><a href=\"https:\/\/www.linkedin.com\/in\/luis-palacios-casta%C3%B1eda-38154314\/\">Luis Palacios<\/a>, CEO da Dos Grados, foi distinguido com o Pr\u00e9mio Personalidade do Ano em Armazenamento de Energia no \u00e2mbito do RENMAD Armazenamento 2026, um dos principais encontros do sector energ\u00e9tico em Espanha.<\/p>\n\n<p>Este reconhecimento destaca a sua carreira profissional e a sua contribui\u00e7\u00e3o para o desenvolvimento do armazenamento de energia, uma \u00e1rea fundamental no processo de transi\u00e7\u00e3o para um sistema energ\u00e9tico mais flex\u00edvel e eficiente baseado em energias renov\u00e1veis.<\/p>\n\n<p>O RENMAD Storage, realizado anualmente, re\u00fane empresas, investidores, reguladores e especialistas do sector para analisar as tend\u00eancias do mercado energ\u00e9tico, com especial enfoque nas energias renov\u00e1veis, armazenamento e financiamento de projectos. Na edi\u00e7\u00e3o de 2026, o armazenamento de energia desempenhou um papel central como elemento estrat\u00e9gico para garantir a estabilidade do sistema el\u00e9trico e facilitar a integra\u00e7\u00e3o da produ\u00e7\u00e3o renov\u00e1vel. <\/p>\n\n<p>Neste contexto, o pr\u00e9mio atribu\u00eddo a Luis Palacios reconhece n\u00e3o s\u00f3 a sua lideran\u00e7a individual, mas tamb\u00e9m o trabalho desenvolvido pela equipa da Dos Grados na promo\u00e7\u00e3o de solu\u00e7\u00f5es ligadas ao armazenamento de energia. A empresa tem vindo a consolidar a sua posi\u00e7\u00e3o neste dom\u00ednio, participando ativamente no desenvolvimento e estrutura\u00e7\u00e3o de projectos energ\u00e9ticos na Pen\u00ednsula Ib\u00e9rica. <\/p>\n\n<p>O reconhecimento recebido surge numa altura de crescente relev\u00e2ncia do armazenamento de energia, considerado um elemento chave para avan\u00e7ar para um modelo energ\u00e9tico descarbonizado e resiliente. Assim, a Dos Grados continua a sua aposta no desenvolvimento de solu\u00e7\u00f5es inovadoras que contribuam para acelerar a transi\u00e7\u00e3o energ\u00e9tica. <\/p>\n","protected":false},"excerpt":{"rendered":"<p>O pr\u00e9mio reconhece a sua contribui\u00e7\u00e3o para o desenvolvimento de solu\u00e7\u00f5es-chave para a transi\u00e7\u00e3o energ\u00e9tica na figura do seu CEO, Luis Palacios, como Personalidade do Ano em Armazenamento de Energia. Luis Palacios, CEO da Dos Grados, foi distinguido com o Pr\u00e9mio Personalidade do Ano em Armazenamento de Energia no \u00e2mbito do RENMAD Armazenamento 2026, um [&hellip;]<\/p>\n","protected":false},"author":2,"featured_media":5094,"comment_status":"open","ping_status":"open","sticky":false,"template":"","format":"standard","meta":{"_et_pb_use_builder":"off","_et_pb_old_content":"","_et_gb_content_width":"","inline_featured_image":false,"footnotes":""},"categories":[68,87,77,79,80,67],"tags":[],"class_list":["post-5099","post","type-post","status-publish","format-standard","has-post-thumbnail","hentry","category-armazenamento-verde","category-dos-grados-pt-pt","category-projetos","category-renovaveis","category-sustentabilidade","category-tecnologia-pt-pt"],"yoast_head":"<!-- This site is optimized with the Yoast SEO plugin v26.8 - https:\/\/yoast.com\/product\/yoast-seo-wordpress\/ -->\n<title>Dos Grados premiado no RENMAD Armazenamento 2026 - Dos Grados<\/title>\n<meta name=\"description\" content=\"Dos Grados premiado na gala da RENMAD Storage, na figura do seu CEO, como personalidade storage do ano 2026.\" \/>\n<meta name=\"robots\" content=\"index, follow, max-snippet:-1, max-image-preview:large, max-video-preview:-1\" \/>\n<link rel=\"canonical\" href=\"https:\/\/dosgradoscapital.com\/pt-pt\/dos-grados-premiado-no-renmad-armazenamento-2026\/\" \/>\n<meta property=\"og:locale\" content=\"pt_PT\" \/>\n<meta property=\"og:type\" content=\"article\" \/>\n<meta property=\"og:title\" content=\"Dos Grados premiado no RENMAD Armazenamento 2026 - Dos Grados\" \/>\n<meta property=\"og:description\" content=\"Dos Grados premiado na gala da RENMAD Storage, na figura do seu CEO, como personalidade storage do ano 2026.\" \/>\n<meta property=\"og:url\" content=\"https:\/\/dosgradoscapital.com\/pt-pt\/dos-grados-premiado-no-renmad-armazenamento-2026\/\" \/>\n<meta property=\"og:site_name\" content=\"Dos Grados\" \/>\n<meta property=\"article:published_time\" content=\"2026-03-18T13:20:04+00:00\" \/>\n<meta property=\"article:modified_time\" content=\"2026-04-29T13:32:33+00:00\" \/>\n<meta property=\"og:image\" content=\"https:\/\/dosgradoscapital.com\/wp-content\/uploads\/foto-grupo-renmad.jpg\" \/>\n\t<meta property=\"og:image:width\" content=\"2016\" \/>\n\t<meta property=\"og:image:height\" content=\"1512\" \/>\n\t<meta property=\"og:image:type\" content=\"image\/jpeg\" \/>\n<meta name=\"author\" content=\"Dos Grados\" \/>\n<meta name=\"twitter:card\" content=\"summary_large_image\" \/>\n<meta name=\"twitter:label1\" content=\"Escrito por\" \/>\n\t<meta name=\"twitter:data1\" content=\"Dos Grados\" \/>\n\t<meta name=\"twitter:label2\" content=\"Tempo estimado de leitura\" \/>\n\t<meta name=\"twitter:data2\" content=\"2 minutos\" \/>\n<script type=\"application\/ld+json\" class=\"yoast-schema-graph\">{\"@context\":\"https:\/\/schema.org\",\"@graph\":[{\"@type\":\"Article\",\"@id\":\"https:\/\/dosgradoscapital.com\/pt-pt\/dos-grados-premiado-no-renmad-armazenamento-2026\/#article\",\"isPartOf\":{\"@id\":\"https:\/\/dosgradoscapital.com\/pt-pt\/dos-grados-premiado-no-renmad-armazenamento-2026\/\"},\"author\":{\"name\":\"Dos Grados\",\"@id\":\"https:\/\/dosgradoscapital.com\/pt-pt\/#\/schema\/person\/e795c8cfd7d50422ebbcab7a79f3e343\"},\"headline\":\"Dos Grados premiado no RENMAD Armazenamento 2026\",\"datePublished\":\"2026-03-18T13:20:04+00:00\",\"dateModified\":\"2026-04-29T13:32:33+00:00\",\"mainEntityOfPage\":{\"@id\":\"https:\/\/dosgradoscapital.com\/pt-pt\/dos-grados-premiado-no-renmad-armazenamento-2026\/\"},\"wordCount\":308,\"commentCount\":0,\"publisher\":{\"@id\":\"https:\/\/dosgradoscapital.com\/pt-pt\/#organization\"},\"image\":{\"@id\":\"https:\/\/dosgradoscapital.com\/pt-pt\/dos-grados-premiado-no-renmad-armazenamento-2026\/#primaryimage\"},\"thumbnailUrl\":\"https:\/\/dosgradoscapital.com\/wp-content\/uploads\/foto-grupo-renmad.jpg\",\"articleSection\":[\"Armazenamento verde\",\"Dos Grados\",\"Projetos\",\"Renov\u00e1veis\",\"Sustentabilidade\",\"Tecnologia\"],\"inLanguage\":\"pt-PT\",\"potentialAction\":[{\"@type\":\"CommentAction\",\"name\":\"Comment\",\"target\":[\"https:\/\/dosgradoscapital.com\/pt-pt\/dos-grados-premiado-no-renmad-armazenamento-2026\/#respond\"]}]},{\"@type\":\"WebPage\",\"@id\":\"https:\/\/dosgradoscapital.com\/pt-pt\/dos-grados-premiado-no-renmad-armazenamento-2026\/\",\"url\":\"https:\/\/dosgradoscapital.com\/pt-pt\/dos-grados-premiado-no-renmad-armazenamento-2026\/\",\"name\":\"Dos Grados premiado no RENMAD Armazenamento 2026 - Dos Grados\",\"isPartOf\":{\"@id\":\"https:\/\/dosgradoscapital.com\/pt-pt\/#website\"},\"primaryImageOfPage\":{\"@id\":\"https:\/\/dosgradoscapital.com\/pt-pt\/dos-grados-premiado-no-renmad-armazenamento-2026\/#primaryimage\"},\"image\":{\"@id\":\"https:\/\/dosgradoscapital.com\/pt-pt\/dos-grados-premiado-no-renmad-armazenamento-2026\/#primaryimage\"},\"thumbnailUrl\":\"https:\/\/dosgradoscapital.com\/wp-content\/uploads\/foto-grupo-renmad.jpg\",\"datePublished\":\"2026-03-18T13:20:04+00:00\",\"dateModified\":\"2026-04-29T13:32:33+00:00\",\"description\":\"Dos Grados premiado na gala da RENMAD Storage, na figura do seu CEO, como personalidade storage do ano 2026.\",\"breadcrumb\":{\"@id\":\"https:\/\/dosgradoscapital.com\/pt-pt\/dos-grados-premiado-no-renmad-armazenamento-2026\/#breadcrumb\"},\"inLanguage\":\"pt-PT\",\"potentialAction\":[{\"@type\":\"ReadAction\",\"target\":[\"https:\/\/dosgradoscapital.com\/pt-pt\/dos-grados-premiado-no-renmad-armazenamento-2026\/\"]}]},{\"@type\":\"ImageObject\",\"inLanguage\":\"pt-PT\",\"@id\":\"https:\/\/dosgradoscapital.com\/pt-pt\/dos-grados-premiado-no-renmad-armazenamento-2026\/#primaryimage\",\"url\":\"https:\/\/dosgradoscapital.com\/wp-content\/uploads\/foto-grupo-renmad.jpg\",\"contentUrl\":\"https:\/\/dosgradoscapital.com\/wp-content\/uploads\/foto-grupo-renmad.jpg\",\"width\":2016,\"height\":1512,\"caption\":\"Premios RENMAD Almacenamiento 2026. Ganador Dos Grados\"},{\"@type\":\"BreadcrumbList\",\"@id\":\"https:\/\/dosgradoscapital.com\/pt-pt\/dos-grados-premiado-no-renmad-armazenamento-2026\/#breadcrumb\",\"itemListElement\":[{\"@type\":\"ListItem\",\"position\":1,\"name\":\"Portada\",\"item\":\"https:\/\/dosgradoscapital.com\/pt-pt\/\"},{\"@type\":\"ListItem\",\"position\":2,\"name\":\"Dos Grados premiado no RENMAD Armazenamento 2026\"}]},{\"@type\":\"WebSite\",\"@id\":\"https:\/\/dosgradoscapital.com\/pt-pt\/#website\",\"url\":\"https:\/\/dosgradoscapital.com\/pt-pt\/\",\"name\":\"Dos Grados Capital, SA\",\"description\":\"\",\"publisher\":{\"@id\":\"https:\/\/dosgradoscapital.com\/pt-pt\/#organization\"},\"alternateName\":\"Dos Grados Capital, SA\",\"potentialAction\":[{\"@type\":\"SearchAction\",\"target\":{\"@type\":\"EntryPoint\",\"urlTemplate\":\"https:\/\/dosgradoscapital.com\/pt-pt\/?s={search_term_string}\"},\"query-input\":{\"@type\":\"PropertyValueSpecification\",\"valueRequired\":true,\"valueName\":\"search_term_string\"}}],\"inLanguage\":\"pt-PT\"},{\"@type\":\"Organization\",\"@id\":\"https:\/\/dosgradoscapital.com\/pt-pt\/#organization\",\"name\":\"Dos Grados\",\"alternateName\":\"Dos Grados Capital, SA\",\"url\":\"https:\/\/dosgradoscapital.com\/pt-pt\/\",\"logo\":{\"@type\":\"ImageObject\",\"inLanguage\":\"pt-PT\",\"@id\":\"https:\/\/dosgradoscapital.com\/pt-pt\/#\/schema\/logo\/image\/\",\"url\":\"https:\/\/dosgradoscapital.com\/wp-content\/uploads\/2023\/12\/dosgrados_blau.svg\",\"contentUrl\":\"https:\/\/dosgradoscapital.com\/wp-content\/uploads\/2023\/12\/dosgrados_blau.svg\",\"width\":\"1024\",\"height\":\"1024\",\"caption\":\"Dos Grados\"},\"image\":{\"@id\":\"https:\/\/dosgradoscapital.com\/pt-pt\/#\/schema\/logo\/image\/\"},\"sameAs\":[\"https:\/\/www.linkedin.com\/company\/dosgrados\/\"]},{\"@type\":\"Person\",\"@id\":\"https:\/\/dosgradoscapital.com\/pt-pt\/#\/schema\/person\/e795c8cfd7d50422ebbcab7a79f3e343\",\"name\":\"Dos Grados\",\"image\":{\"@type\":\"ImageObject\",\"inLanguage\":\"pt-PT\",\"@id\":\"https:\/\/dosgradoscapital.com\/pt-pt\/#\/schema\/person\/image\/\",\"url\":\"https:\/\/secure.gravatar.com\/avatar\/7d8c6b4de87d184713fc574f6ed909cf87cc4fcb41acac0ae7975249db54b203?s=96&d=mm&r=g\",\"contentUrl\":\"https:\/\/secure.gravatar.com\/avatar\/7d8c6b4de87d184713fc574f6ed909cf87cc4fcb41acac0ae7975249db54b203?s=96&d=mm&r=g\",\"caption\":\"Dos Grados\"}}]}<\/script>\n<!-- \/ Yoast SEO plugin. -->","yoast_head_json":{"title":"Dos Grados premiado no RENMAD Armazenamento 2026 - Dos Grados","description":"Dos Grados premiado na gala da RENMAD Storage, na figura do seu CEO, como personalidade storage do ano 2026.","robots":{"index":"index","follow":"follow","max-snippet":"max-snippet:-1","max-image-preview":"max-image-preview:large","max-video-preview":"max-video-preview:-1"},"canonical":"https:\/\/dosgradoscapital.com\/pt-pt\/dos-grados-premiado-no-renmad-armazenamento-2026\/","og_locale":"pt_PT","og_type":"article","og_title":"Dos Grados premiado no RENMAD Armazenamento 2026 - Dos Grados","og_description":"Dos Grados premiado na gala da RENMAD Storage, na figura do seu CEO, como personalidade storage do ano 2026.","og_url":"https:\/\/dosgradoscapital.com\/pt-pt\/dos-grados-premiado-no-renmad-armazenamento-2026\/","og_site_name":"Dos Grados","article_published_time":"2026-03-18T13:20:04+00:00","article_modified_time":"2026-04-29T13:32:33+00:00","og_image":[{"width":2016,"height":1512,"url":"https:\/\/dosgradoscapital.com\/wp-content\/uploads\/foto-grupo-renmad.jpg","type":"image\/jpeg"}],"author":"Dos Grados","twitter_card":"summary_large_image","twitter_misc":{"Escrito por":"Dos Grados","Tempo estimado de leitura":"2 minutos"},"schema":{"@context":"https:\/\/schema.org","@graph":[{"@type":"Article","@id":"https:\/\/dosgradoscapital.com\/pt-pt\/dos-grados-premiado-no-renmad-armazenamento-2026\/#article","isPartOf":{"@id":"https:\/\/dosgradoscapital.com\/pt-pt\/dos-grados-premiado-no-renmad-armazenamento-2026\/"},"author":{"name":"Dos Grados","@id":"https:\/\/dosgradoscapital.com\/pt-pt\/#\/schema\/person\/e795c8cfd7d50422ebbcab7a79f3e343"},"headline":"Dos Grados premiado no RENMAD Armazenamento 2026","datePublished":"2026-03-18T13:20:04+00:00","dateModified":"2026-04-29T13:32:33+00:00","mainEntityOfPage":{"@id":"https:\/\/dosgradoscapital.com\/pt-pt\/dos-grados-premiado-no-renmad-armazenamento-2026\/"},"wordCount":308,"commentCount":0,"publisher":{"@id":"https:\/\/dosgradoscapital.com\/pt-pt\/#organization"},"image":{"@id":"https:\/\/dosgradoscapital.com\/pt-pt\/dos-grados-premiado-no-renmad-armazenamento-2026\/#primaryimage"},"thumbnailUrl":"https:\/\/dosgradoscapital.com\/wp-content\/uploads\/foto-grupo-renmad.jpg","articleSection":["Armazenamento verde","Dos Grados","Projetos","Renov\u00e1veis","Sustentabilidade","Tecnologia"],"inLanguage":"pt-PT","potentialAction":[{"@type":"CommentAction","name":"Comment","target":["https:\/\/dosgradoscapital.com\/pt-pt\/dos-grados-premiado-no-renmad-armazenamento-2026\/#respond"]}]},{"@type":"WebPage","@id":"https:\/\/dosgradoscapital.com\/pt-pt\/dos-grados-premiado-no-renmad-armazenamento-2026\/","url":"https:\/\/dosgradoscapital.com\/pt-pt\/dos-grados-premiado-no-renmad-armazenamento-2026\/","name":"Dos Grados premiado no RENMAD Armazenamento 2026 - Dos Grados","isPartOf":{"@id":"https:\/\/dosgradoscapital.com\/pt-pt\/#website"},"primaryImageOfPage":{"@id":"https:\/\/dosgradoscapital.com\/pt-pt\/dos-grados-premiado-no-renmad-armazenamento-2026\/#primaryimage"},"image":{"@id":"https:\/\/dosgradoscapital.com\/pt-pt\/dos-grados-premiado-no-renmad-armazenamento-2026\/#primaryimage"},"thumbnailUrl":"https:\/\/dosgradoscapital.com\/wp-content\/uploads\/foto-grupo-renmad.jpg","datePublished":"2026-03-18T13:20:04+00:00","dateModified":"2026-04-29T13:32:33+00:00","description":"Dos Grados premiado na gala da RENMAD Storage, na figura do seu CEO, como personalidade storage do ano 2026.","breadcrumb":{"@id":"https:\/\/dosgradoscapital.com\/pt-pt\/dos-grados-premiado-no-renmad-armazenamento-2026\/#breadcrumb"},"inLanguage":"pt-PT","potentialAction":[{"@type":"ReadAction","target":["https:\/\/dosgradoscapital.com\/pt-pt\/dos-grados-premiado-no-renmad-armazenamento-2026\/"]}]},{"@type":"ImageObject","inLanguage":"pt-PT","@id":"https:\/\/dosgradoscapital.com\/pt-pt\/dos-grados-premiado-no-renmad-armazenamento-2026\/#primaryimage","url":"https:\/\/dosgradoscapital.com\/wp-content\/uploads\/foto-grupo-renmad.jpg","contentUrl":"https:\/\/dosgradoscapital.com\/wp-content\/uploads\/foto-grupo-renmad.jpg","width":2016,"height":1512,"caption":"Premios RENMAD Almacenamiento 2026. Ganador Dos Grados"},{"@type":"BreadcrumbList","@id":"https:\/\/dosgradoscapital.com\/pt-pt\/dos-grados-premiado-no-renmad-armazenamento-2026\/#breadcrumb","itemListElement":[{"@type":"ListItem","position":1,"name":"Portada","item":"https:\/\/dosgradoscapital.com\/pt-pt\/"},{"@type":"ListItem","position":2,"name":"Dos Grados premiado no RENMAD Armazenamento 2026"}]},{"@type":"WebSite","@id":"https:\/\/dosgradoscapital.com\/pt-pt\/#website","url":"https:\/\/dosgradoscapital.com\/pt-pt\/","name":"Dos Grados Capital, SA","description":"","publisher":{"@id":"https:\/\/dosgradoscapital.com\/pt-pt\/#organization"},"alternateName":"Dos Grados Capital, SA","potentialAction":[{"@type":"SearchAction","target":{"@type":"EntryPoint","urlTemplate":"https:\/\/dosgradoscapital.com\/pt-pt\/?s={search_term_string}"},"query-input":{"@type":"PropertyValueSpecification","valueRequired":true,"valueName":"search_term_string"}}],"inLanguage":"pt-PT"},{"@type":"Organization","@id":"https:\/\/dosgradoscapital.com\/pt-pt\/#organization","name":"Dos Grados","alternateName":"Dos Grados Capital, SA","url":"https:\/\/dosgradoscapital.com\/pt-pt\/","logo":{"@type":"ImageObject","inLanguage":"pt-PT","@id":"https:\/\/dosgradoscapital.com\/pt-pt\/#\/schema\/logo\/image\/","url":"https:\/\/dosgradoscapital.com\/wp-content\/uploads\/2023\/12\/dosgrados_blau.svg","contentUrl":"https:\/\/dosgradoscapital.com\/wp-content\/uploads\/2023\/12\/dosgrados_blau.svg","width":"1024","height":"1024","caption":"Dos Grados"},"image":{"@id":"https:\/\/dosgradoscapital.com\/pt-pt\/#\/schema\/logo\/image\/"},"sameAs":["https:\/\/www.linkedin.com\/company\/dosgrados\/"]},{"@type":"Person","@id":"https:\/\/dosgradoscapital.com\/pt-pt\/#\/schema\/person\/e795c8cfd7d50422ebbcab7a79f3e343","name":"Dos Grados","image":{"@type":"ImageObject","inLanguage":"pt-PT","@id":"https:\/\/dosgradoscapital.com\/pt-pt\/#\/schema\/person\/image\/","url":"https:\/\/secure.gravatar.com\/avatar\/7d8c6b4de87d184713fc574f6ed909cf87cc4fcb41acac0ae7975249db54b203?s=96&d=mm&r=g","contentUrl":"https:\/\/secure.gravatar.com\/avatar\/7d8c6b4de87d184713fc574f6ed909cf87cc4fcb41acac0ae7975249db54b203?s=96&d=mm&r=g","caption":"Dos Grados"}}]}},"_links":{"self":[{"href":"https:\/\/dosgradoscapital.com\/pt-pt\/wp-json\/wp\/v2\/posts\/5099","targetHints":{"allow":["GET"]}}],"collection":[{"href":"https:\/\/dosgradoscapital.com\/pt-pt\/wp-json\/wp\/v2\/posts"}],"about":[{"href":"https:\/\/dosgradoscapital.com\/pt-pt\/wp-json\/wp\/v2\/types\/post"}],"author":[{"embeddable":true,"href":"https:\/\/dosgradoscapital.com\/pt-pt\/wp-json\/wp\/v2\/users\/2"}],"replies":[{"embeddable":true,"href":"https:\/\/dosgradoscapital.com\/pt-pt\/wp-json\/wp\/v2\/comments?post=5099"}],"version-history":[{"count":1,"href":"https:\/\/dosgradoscapital.com\/pt-pt\/wp-json\/wp\/v2\/posts\/5099\/revisions"}],"predecessor-version":[{"id":5100,"href":"https:\/\/dosgradoscapital.com\/pt-pt\/wp-json\/wp\/v2\/posts\/5099\/revisions\/5100"}],"wp:featuredmedia":[{"embeddable":true,"href":"https:\/\/dosgradoscapital.com\/pt-pt\/wp-json\/wp\/v2\/media\/5094"}],"wp:attachment":[{"href":"https:\/\/dosgradoscapital.com\/pt-pt\/wp-json\/wp\/v2\/media?parent=5099"}],"wp:term":[{"taxonomy":"category","embeddable":true,"href":"https:\/\/dosgradoscapital.com\/pt-pt\/wp-json\/wp\/v2\/categories?post=5099"},{"taxonomy":"post_tag","embeddable":true,"href":"https:\/\/dosgradoscapital.com\/pt-pt\/wp-json\/wp\/v2\/tags?post=5099"}],"curies":[{"name":"wp","href":"https:\/\/api.w.org\/{rel}","templated":true}]}}